{"id":2713,"date":"2018-05-13T10:00:24","date_gmt":"2018-05-13T10:00:24","guid":{"rendered":"http:\/\/aadee.ar\/?p=2713"},"modified":"2019-03-14T00:36:27","modified_gmt":"2019-03-14T00:36:27","slug":"encuentro-de-ventas-de-ametek-viena-2018","status":"publish","type":"post","link":"https:\/\/www.aadee.ar\/index.php\/encuentro-de-ventas-de-ametek-viena-2018\/","title":{"rendered":"Encuentro de ventas de Ametek &#8211; Viena 2018"},"content":{"rendered":"<p>[et_pb_section fb_built=\u00bb1&#8243; _builder_version=\u00bb3.0.47&#8243; custom_padding=\u00bb0|0px|31.7813px|0px|false|false\u00bb][et_pb_row custom_padding=\u00bb0|0px|14px|0px|false|false\u00bb _builder_version=\u00bb3.0.48&#8243; background_size=\u00bbinitial\u00bb background_position=\u00bbtop_left\u00bb background_repeat=\u00bbrepeat\u00bb][et_pb_column type=\u00bb4_4&#8243; _builder_version=\u00bb3.0.47&#8243;][et_pb_image src=\u00bbhttp:\/\/aadee.ar\/wordpress\/wp-content\/uploads\/2019\/03\/encuentro-de-ventas-de-Ametek-en-Viena.jpg\u00bb _builder_version=\u00bb3.20.2&#8243;][\/et_pb_image][et_pb_text _builder_version=\u00bb3.20.2&#8243; background_size=\u00bbinitial\u00bb background_position=\u00bbtop_left\u00bb background_repeat=\u00bbrepeat\u00bb]<\/p>\n<p><!-- divi:image {\"id\":2704} --><\/p>\n<p><!-- \/divi:image --><\/p>\n<p>Como parte de nuestra pol\u00edtica de capacitaci\u00f3n constante, AADEE fue parte del encuentro de ventas de Ametek que se organiz\u00f3 en la ciudad de Viena del 7 al 9 de mayo, al cual asistieron 34 distribuidores de Am\u00e9rica, Europa y Medio Oriente. Alejandra Basil estuvo presente en representaci\u00f3n de AADEE participando de este evento de \u00edndole comercial y t\u00e9cnico, exclusivo para distribuidores, que nos ofreci\u00f3 novedades y herramientas para optimizar el desarrollo de la l\u00ednea en el mercado local de investigaci\u00f3n.<\/p>\n<p>La oportunidad fue propicia para compartir con el grupo la reciente noticia del primer sistema de escaneo electroqu\u00edmico VERSASCAN para la Argentina que se confirm\u00f3 por parte del Instituto Nacional de Tecnolog\u00eda Industrial en el mes de abril.<\/p>\n<p><!-- \/divi:paragraph --><\/p>\n<p>[\/et_pb_text][\/et_pb_column][\/et_pb_row][\/et_pb_section]<\/p>\n","protected":false},"excerpt":{"rendered":"<p>Como parte de nuestra pol\u00edtica de capacitaci\u00f3n constante, AADEE fue parte del encuentro de ventas de Ametek que se organiz\u00f3 en la ciudad de Viena del 7 al 9 de mayo, al cual asistieron 34 distribuidores de Am\u00e9rica, Europa y Medio Oriente. Alejandra Basil estuvo presente en representaci\u00f3n de AADEE participando de este evento de [&hellip;]<\/p>\n","protected":false},"author":3,"featured_media":2786,"comment_status":"open","ping_status":"open","sticky":false,"template":"","format":"standard","meta":{"_et_pb_use_builder":"on","_et_pb_old_content":"<!-- wp:image {\"id\":2704} -->\n<figure class=\"wp-block-image\"><img src=\"http:\/\/aadee.ar\/wordpress\/wp-content\/uploads\/2019\/03\/6cb4133c-b48a-4bc5-a5c7-36b9db66075f-original-1024x536.png\" alt=\"\" class=\"wp-image-2704\"\/><\/figure>\n<!-- \/wp:image -->\n\n<!-- wp:paragraph -->\n<p> De parte de todo el equipo de <a href=\"https:\/\/www.linkedin.com\/feed\/hashtag\/?keywords=%23AADEE\">#AADEE<\/a> les deseamos unas muy Felices Fiestas para todos y cada uno de ustedes. <\/p>\n<!-- \/wp:paragraph -->","_et_gb_content_width":"","footnotes":""},"categories":[1],"tags":[],"class_list":["post-2713","post","type-post","status-publish","format-standard","has-post-thumbnail","hentry","category-novedades"],"_links":{"self":[{"href":"https:\/\/www.aadee.ar\/index.php\/wp-json\/wp\/v2\/posts\/2713","targetHints":{"allow":["GET"]}}],"collection":[{"href":"https:\/\/www.aadee.ar\/index.php\/wp-json\/wp\/v2\/posts"}],"about":[{"href":"https:\/\/www.aadee.ar\/index.php\/wp-json\/wp\/v2\/types\/post"}],"author":[{"embeddable":true,"href":"https:\/\/www.aadee.ar\/index.php\/wp-json\/wp\/v2\/users\/3"}],"replies":[{"embeddable":true,"href":"https:\/\/www.aadee.ar\/index.php\/wp-json\/wp\/v2\/comments?post=2713"}],"version-history":[{"count":0,"href":"https:\/\/www.aadee.ar\/index.php\/wp-json\/wp\/v2\/posts\/2713\/revisions"}],"wp:featuredmedia":[{"embeddable":true,"href":"https:\/\/www.aadee.ar\/index.php\/wp-json\/wp\/v2\/media\/2786"}],"wp:attachment":[{"href":"https:\/\/www.aadee.ar\/index.php\/wp-json\/wp\/v2\/media?parent=2713"}],"wp:term":[{"taxonomy":"category","embeddable":true,"href":"https:\/\/www.aadee.ar\/index.php\/wp-json\/wp\/v2\/categories?post=2713"},{"taxonomy":"post_tag","embeddable":true,"href":"https:\/\/www.aadee.ar\/index.php\/wp-json\/wp\/v2\/tags?post=2713"}],"curies":[{"name":"wp","href":"https:\/\/api.w.org\/{rel}","templated":true}]}}